{"id":699,"date":"2019-12-03T17:04:22","date_gmt":"2019-12-03T16:04:22","guid":{"rendered":"http:\/\/lescaboteursdelune.fr\/?p=699"},"modified":"2019-12-03T17:33:46","modified_gmt":"2019-12-03T16:33:46","slug":"campagne-septembre-2019","status":"publish","type":"post","link":"https:\/\/lescaboteursdelune.fr\/index.php\/2019\/12\/03\/campagne-septembre-2019\/","title":{"rendered":"Campagne Septembre 2019 &#8211; Gallant"},"content":{"rendered":"\n<p>Pour cette 5\u00e8me \u00e9dition tous les voyants \u00e9taient au vert:                                                              Bateau \u00e0 l&rsquo;heure, beau temps, repas, concert et bonne humeur! Que demander de plus?! <\/p>\n\n\n\n<div class=\"wp-block-image\"><figure class=\"aligncenter is-resized\"><img loading=\"lazy\" decoding=\"async\" src=\"http:\/\/lescaboteursdelune.fr\/wp-content\/uploads\/2019\/09\/DSC_4062-1-1024x683.jpg\" alt=\"\" class=\"wp-image-641\" width=\"366\" height=\"244\"\/><\/figure><\/div>\n\n\n\n<p>C&rsquo;est le jeudi 5 Septembre que Gallant aborde nos cotes insulaires vers 8h du matin. Il affale ses derni\u00e8res voiles dans le chenal de l&rsquo;entr\u00e9e du port de l&rsquo;Herbaudi\u00e8re pour faire sa man\u0153uvre et prendre le pontons num\u00e9ro 5 comme demeure pour les 3 nuits \u00e0 venir! <\/p>\n\n\n\n<p>Arriv\u00e9 avec un peu moins de 24h d&rsquo;avance sur ce que nous pensions, peu de gens \u00e9tait l\u00e0 pour admirer l&rsquo;arriv\u00e9e  aux p&rsquo;tits oignons le long du ponton, dommage pour vous! \ud83d\ude09 L&rsquo;\u00e9quipage pu se reposer et passer par la salle de bains  avant de refaire le plein des r\u00e9serves d&rsquo;eau et de r\u00e9parer les petites avaries de la travers\u00e9 du Golf de Gascogne.<\/p>\n\n\n\n<div class=\"wp-block-image\"><figure class=\"alignleft is-resized\"><img loading=\"lazy\" decoding=\"async\" src=\"http:\/\/lescaboteursdelune.fr\/wp-content\/uploads\/2019\/09\/DSC_4125-e1569353171715-683x1024.jpg\" alt=\"\" class=\"wp-image-701\" width=\"222\" height=\"331\"\/><\/figure><\/div>\n\n\n\n<p>Le vendredi matin, une partie de l&rsquo;\u00e9quipage partit faire le plein de la cambuse au march\u00e9 de Noirmoutier pendant que l&rsquo;autre partie se chargea de la d\u00e9plaisante  tache&#8230; de d\u00e9boucher les toilettes du bord mais gr\u00e2ce au nettoyeur haute pression du chantier des Ileaux, cette tache fut un peu moins ingrate!<\/p>\n\n\n\n<p>Ce n&rsquo;est qu&rsquo;en fin d&rsquo;apr\u00e8s midi, vers 17h30, que le d\u00e9chargement eu lieu ainsi que la distribution. <a href=\"http:\/\/lescaboteursdelune.fr\/wp-content\/uploads\/2019\/09\/DSC_4086-1-e1569256007201-683x1024.jpg\">La plus longue cha\u00eene humaine<\/a> que nous ayons eu pris place et quasiment tout les m\u00e8tres quelqu&rsquo;un prit place pour rallier les 50m qui s\u00e9paraient le navire du stand! G\u00e9nial!<\/p>\n\n\n\n<p>Le bar \u00e0 huitres \u00ab\u00a0<a href=\"https:\/\/www.facebook.com\/pages\/Le-D%C3%A9lit\/1750145775284021\">le D\u00e9lit<\/a>\u00a0\u00bb installa son stand avec nous afin d&rsquo;en proposer la d\u00e9licieuse d\u00e9gustation pour le plus grand  bonheur de tous!                                                                                   <a href=\"http:\/\/lescaboteursdelune.fr\/wp-content\/uploads\/2019\/09\/DSC_4165-e1569255764819-683x1024.jpg\">Les Canards Sauvages<\/a> s&rsquo;install\u00e8rent avec nous au bout du port pour r\u00e9chauffer le c\u0153urs des derniers qui vinrent chercher leur commande, au d\u00e9pend de leurs doigts mais qu&rsquo;ils r\u00e9chauff\u00e8rent plus tard en nous faisant danser pour accompagner le d\u00eener qui prit place sur le terre pleins \u00e9l\u00e9vateur du port de l&rsquo;Herbaudi\u00e8re.<\/p>\n\n\n\n<div class=\"wp-block-image\"><figure class=\"alignright is-resized\"><img loading=\"lazy\" decoding=\"async\" src=\"http:\/\/lescaboteursdelune.fr\/wp-content\/uploads\/2019\/09\/DSC_4192-1024x683.jpg\" alt=\"\" class=\"wp-image-666\" width=\"338\" height=\"225\" srcset=\"https:\/\/lescaboteursdelune.fr\/wp-content\/uploads\/2019\/09\/DSC_4192-1024x683.jpg 1024w, https:\/\/lescaboteursdelune.fr\/wp-content\/uploads\/2019\/09\/DSC_4192-300x200.jpg 300w, https:\/\/lescaboteursdelune.fr\/wp-content\/uploads\/2019\/09\/DSC_4192-768x512.jpg 768w\" sizes=\"auto, (max-width: 338px) 100vw, 338px\" \/><\/figure><\/div>\n\n\n\n<p>Les 94 repas pr\u00e9parer et servit par le restaurant <a href=\"https:\/\/www.facebook.com\/Restaurant-La-FermIntention-187615354778747\/\">La Ferm&rsquo;intention<\/a> et leur camion \u00ab\u00a0Vadrouille et Tambouille\u00a0\u00bb, se composait soit d&rsquo;un mijot\u00e9 de veau succulent soit de casserons \u00e0 la plancha puis d&rsquo;une tartelette au fruit rouge et cr\u00e8me mousseline, le tout fait maison s&rsquo;il vous plait!<\/p>\n\n\n\n<p>En deuxi\u00e8me partie de soir\u00e9e, une sc\u00e8ne ouverte prit la suite des Canards Sauvages et un groupe improvis\u00e9 termina de mettre l&rsquo;ambiance, ainsi que les derniers des 4 f\u00fbts de bi\u00e8res de <a href=\"https:\/\/www.facebook.com\/laQVNoirmoutier\/\">la QV<\/a>!<\/p>\n\n\n\n<p>Certains membres de l&rsquo;\u00e9quipage d\u00e9barqu\u00e8rent le samedi et le reste s&rsquo;aff\u00e9ra \u00e0 pr\u00e9parer le bateau pour le d\u00e9part et l&rsquo;arriv\u00e9e des nouveaux membres. Du fait de la m\u00e9t\u00e9o peu favorable, le capitaine prit la d\u00e9cision de n&rsquo;appareiller que le dimanche. Apr\u00e8s une petite soir\u00e9e au \u00ab\u00a0D\u00e9lit\u00a0\u00bb avec les membres actifs de l&rsquo;asso et l&rsquo;\u00e9quipage de Gallant, une bonne nuit \u00e0 l&rsquo;abri des fac\u00e9ties de l&rsquo;oc\u00e9an puis se fut le moment pour la <a href=\"https:\/\/blueschoonercompany.com\/index.php\/fr\/acceuil\/\">Blue Schooner Company<\/a> de hisser les voiles!<\/p>\n\n\n\n<p>C&rsquo;est donc vers 11h30, apr\u00e8s une deuxi\u00e8me distribution pour les retardataires et  les derniers viennoiseries que la go\u00e9lette largua les amarres en direction de Bristol, en Cornouailles anglaises dans un vent tr\u00e8s l\u00e9ger au d\u00e9part et bien plus soutenu par la suite&#8230;<\/p>\n\n\n\n<div class=\"wp-block-image\"><figure class=\"aligncenter is-resized\"><img loading=\"lazy\" decoding=\"async\" src=\"http:\/\/lescaboteursdelune.fr\/wp-content\/uploads\/2019\/09\/DSC_4324-1-e1569255700388-683x1024.jpg\" alt=\"\" class=\"wp-image-683\" width=\"340\" height=\"510\" srcset=\"https:\/\/lescaboteursdelune.fr\/wp-content\/uploads\/2019\/09\/DSC_4324-1-e1569255700388-683x1024.jpg 683w, https:\/\/lescaboteursdelune.fr\/wp-content\/uploads\/2019\/09\/DSC_4324-1-e1569255700388-200x300.jpg 200w, https:\/\/lescaboteursdelune.fr\/wp-content\/uploads\/2019\/09\/DSC_4324-1-e1569255700388-768x1152.jpg 768w\" sizes=\"auto, (max-width: 340px) 100vw, 340px\" \/><figcaption>Bon vent et \u00e0 la prochaine!<\/figcaption><\/figure><\/div>\n\n\n\n<p>Le week-end du 28 Septembre, c&rsquo;est \u00e0 bord de la lasse ostr\u00e9icole, Cosa Ostra de l<a href=\"http:\/\/lescaboteursdelune.fr\/index.php\/association-la-chaloupe\/\">&lsquo;association la Chaloupe<\/a> que nous sommes all\u00e9 livrer les habitants de la barre de mont \u00e0 la <a href=\"https:\/\/www.facebook.com\/lacavedumoulin85\/\">Cave du moulin<\/a>. Puis lors de le f\u00eate du thon (Grand festin) de l\u2019\u00eele d&rsquo;Yeu c&rsquo;est la Jeanne J qui livra les quelques commandes insulaires.<\/p>\n\n\n\n<figure class=\"wp-block-image\"><img decoding=\"async\" src=\"http:\/\/lescaboteursdelune.fr\/wp-content\/uploads\/2019\/12\/71071226_545676162875540_2830452914865045504_o.jpg\" alt=\"\" class=\"wp-image-816\"\/><\/figure>\n","protected":false},"excerpt":{"rendered":"<p>Pour cette 5\u00e8me \u00e9dition tous les voyants \u00e9taient au vert: Bateau \u00e0 l&rsquo;heure, beau temps, repas, concert et bonne humeur! Que demander de plus?! C&rsquo;est le jeudi 5 Septembre que Gallant aborde nos cotes insulaires vers 8h du matin. Il affale ses derni\u00e8res voiles dans le chenal de l&rsquo;entr\u00e9e du port de l&rsquo;Herbaudi\u00e8re pour faire&hellip; <a href=\"https:\/\/lescaboteursdelune.fr\/index.php\/2019\/12\/03\/campagne-septembre-2019\/\" class=\"more-link\">Lire la suite <span class=\"screen-reader-text\">Campagne Septembre 2019 &#8211; Gallant<\/span><\/a><\/p>\n","protected":false},"author":2,"featured_media":0,"comment_status":"closed","ping_status":"closed","sticky":false,"template":"","format":"standard","meta":{"footnotes":""},"categories":[5,2],"tags":[13,7,16],"class_list":["post-699","post","type-post","status-publish","format-standard","hentry","category-past_event","category-evenements","tag-caboteurs","tag-fret-a-la-voile","tag-noirmoutier","without-featured-image"],"yoast_head":"<!-- This site is optimized with the Yoast SEO plugin v21.8.1 - https:\/\/yoast.com\/wordpress\/plugins\/seo\/ -->\n<title>Campagne Septembre 2019 - Gallant - Les Caboteurs de Lune<\/title>\n<meta name=\"description\" content=\"Les Caboteurs de Lune association promotion Fret \u00e0 la Voile Noirmoutier Vend\u00e9e\" \/>\n<meta name=\"robots\" content=\"index, follow, max-snippet:-1, max-image-preview:large, max-video-preview:-1\" \/>\n<link rel=\"canonical\" href=\"https:\/\/lescaboteursdelune.fr\/index.php\/2019\/12\/03\/campagne-septembre-2019\/\" \/>\n<meta property=\"og:locale\" content=\"fr_FR\" \/>\n<meta property=\"og:type\" content=\"article\" \/>\n<meta property=\"og:title\" content=\"Campagne Septembre 2019 - Gallant - Les Caboteurs de Lune\" \/>\n<meta property=\"og:description\" content=\"Les Caboteurs de Lune association promotion Fret \u00e0 la Voile Noirmoutier Vend\u00e9e\" \/>\n<meta property=\"og:url\" content=\"https:\/\/lescaboteursdelune.fr\/index.php\/2019\/12\/03\/campagne-septembre-2019\/\" \/>\n<meta property=\"og:site_name\" content=\"Les Caboteurs de Lune\" \/>\n<meta property=\"article:published_time\" content=\"2019-12-03T16:04:22+00:00\" \/>\n<meta property=\"article:modified_time\" content=\"2019-12-03T16:33:46+00:00\" \/>\n<meta property=\"og:image\" content=\"http:\/\/lescaboteursdelune.fr\/wp-content\/uploads\/2019\/09\/DSC_4062-1-1024x683.jpg\" \/>\n<meta name=\"author\" content=\"Alex Etourneau\" \/>\n<meta name=\"twitter:card\" content=\"summary_large_image\" \/>\n<meta name=\"twitter:label1\" content=\"\u00c9crit par\" \/>\n\t<meta name=\"twitter:data1\" content=\"Alex Etourneau\" \/>\n\t<meta name=\"twitter:label2\" content=\"Dur\u00e9e de lecture estim\u00e9e\" \/>\n\t<meta name=\"twitter:data2\" content=\"3 minutes\" \/>\n<script type=\"application\/ld+json\" class=\"yoast-schema-graph\">{\"@context\":\"https:\/\/schema.org\",\"@graph\":[{\"@type\":\"Article\",\"@id\":\"https:\/\/lescaboteursdelune.fr\/index.php\/2019\/12\/03\/campagne-septembre-2019\/#article\",\"isPartOf\":{\"@id\":\"https:\/\/lescaboteursdelune.fr\/index.php\/2019\/12\/03\/campagne-septembre-2019\/\"},\"author\":{\"name\":\"Alex Etourneau\",\"@id\":\"https:\/\/lescaboteursdelune.fr\/#\/schema\/person\/a27c6010dfb868f06abfb62d43ae0258\"},\"headline\":\"Campagne Septembre 2019 &#8211; Gallant\",\"datePublished\":\"2019-12-03T16:04:22+00:00\",\"dateModified\":\"2019-12-03T16:33:46+00:00\",\"mainEntityOfPage\":{\"@id\":\"https:\/\/lescaboteursdelune.fr\/index.php\/2019\/12\/03\/campagne-septembre-2019\/\"},\"wordCount\":657,\"publisher\":{\"@id\":\"https:\/\/lescaboteursdelune.fr\/#organization\"},\"keywords\":[\"caboteurs\",\"fret \u00e0 la voile\",\"Noirmoutier\"],\"articleSection\":[\"Campagnes pass\u00e9es\",\"Ev\u00e8nements\"],\"inLanguage\":\"fr-FR\"},{\"@type\":\"WebPage\",\"@id\":\"https:\/\/lescaboteursdelune.fr\/index.php\/2019\/12\/03\/campagne-septembre-2019\/\",\"url\":\"https:\/\/lescaboteursdelune.fr\/index.php\/2019\/12\/03\/campagne-septembre-2019\/\",\"name\":\"Campagne Septembre 2019 - Gallant - Les Caboteurs de Lune\",\"isPartOf\":{\"@id\":\"https:\/\/lescaboteursdelune.fr\/#website\"},\"datePublished\":\"2019-12-03T16:04:22+00:00\",\"dateModified\":\"2019-12-03T16:33:46+00:00\",\"description\":\"Les Caboteurs de Lune association promotion Fret \u00e0 la Voile Noirmoutier Vend\u00e9e\",\"breadcrumb\":{\"@id\":\"https:\/\/lescaboteursdelune.fr\/index.php\/2019\/12\/03\/campagne-septembre-2019\/#breadcrumb\"},\"inLanguage\":\"fr-FR\",\"potentialAction\":[{\"@type\":\"ReadAction\",\"target\":[\"https:\/\/lescaboteursdelune.fr\/index.php\/2019\/12\/03\/campagne-septembre-2019\/\"]}]},{\"@type\":\"BreadcrumbList\",\"@id\":\"https:\/\/lescaboteursdelune.fr\/index.php\/2019\/12\/03\/campagne-septembre-2019\/#breadcrumb\",\"itemListElement\":[{\"@type\":\"ListItem\",\"position\":1,\"name\":\"Accueil\",\"item\":\"https:\/\/lescaboteursdelune.fr\/\"},{\"@type\":\"ListItem\",\"position\":2,\"name\":\"Campagne Septembre 2019 &#8211; Gallant\"}]},{\"@type\":\"WebSite\",\"@id\":\"https:\/\/lescaboteursdelune.fr\/#website\",\"url\":\"https:\/\/lescaboteursdelune.fr\/\",\"name\":\"Les Caboteurs de Lune\",\"description\":\"Comptoir de fret \u00e0 la voile\",\"publisher\":{\"@id\":\"https:\/\/lescaboteursdelune.fr\/#organization\"},\"potentialAction\":[{\"@type\":\"SearchAction\",\"target\":{\"@type\":\"EntryPoint\",\"urlTemplate\":\"https:\/\/lescaboteursdelune.fr\/?s={search_term_string}\"},\"query-input\":\"required name=search_term_string\"}],\"inLanguage\":\"fr-FR\"},{\"@type\":\"Organization\",\"@id\":\"https:\/\/lescaboteursdelune.fr\/#organization\",\"name\":\"Les Caboteurs de Lune\",\"url\":\"https:\/\/lescaboteursdelune.fr\/\",\"logo\":{\"@type\":\"ImageObject\",\"inLanguage\":\"fr-FR\",\"@id\":\"https:\/\/lescaboteursdelune.fr\/#\/schema\/logo\/image\/\",\"url\":\"https:\/\/lescaboteursdelune.fr\/wp-content\/uploads\/2018\/07\/logo_caboteur.jpg\",\"contentUrl\":\"https:\/\/lescaboteursdelune.fr\/wp-content\/uploads\/2018\/07\/logo_caboteur.jpg\",\"width\":960,\"height\":960,\"caption\":\"Les Caboteurs de Lune\"},\"image\":{\"@id\":\"https:\/\/lescaboteursdelune.fr\/#\/schema\/logo\/image\/\"}},{\"@type\":\"Person\",\"@id\":\"https:\/\/lescaboteursdelune.fr\/#\/schema\/person\/a27c6010dfb868f06abfb62d43ae0258\",\"name\":\"Alex Etourneau\",\"url\":\"https:\/\/lescaboteursdelune.fr\/index.php\/author\/alex\/\"}]}<\/script>\n<!-- \/ Yoast SEO plugin. -->","yoast_head_json":{"title":"Campagne Septembre 2019 - Gallant - Les Caboteurs de Lune","description":"Les Caboteurs de Lune association promotion Fret \u00e0 la Voile Noirmoutier Vend\u00e9e","robots":{"index":"index","follow":"follow","max-snippet":"max-snippet:-1","max-image-preview":"max-image-preview:large","max-video-preview":"max-video-preview:-1"},"canonical":"https:\/\/lescaboteursdelune.fr\/index.php\/2019\/12\/03\/campagne-septembre-2019\/","og_locale":"fr_FR","og_type":"article","og_title":"Campagne Septembre 2019 - Gallant - Les Caboteurs de Lune","og_description":"Les Caboteurs de Lune association promotion Fret \u00e0 la Voile Noirmoutier Vend\u00e9e","og_url":"https:\/\/lescaboteursdelune.fr\/index.php\/2019\/12\/03\/campagne-septembre-2019\/","og_site_name":"Les Caboteurs de Lune","article_published_time":"2019-12-03T16:04:22+00:00","article_modified_time":"2019-12-03T16:33:46+00:00","og_image":[{"url":"http:\/\/lescaboteursdelune.fr\/wp-content\/uploads\/2019\/09\/DSC_4062-1-1024x683.jpg"}],"author":"Alex Etourneau","twitter_card":"summary_large_image","twitter_misc":{"\u00c9crit par":"Alex Etourneau","Dur\u00e9e de lecture estim\u00e9e":"3 minutes"},"schema":{"@context":"https:\/\/schema.org","@graph":[{"@type":"Article","@id":"https:\/\/lescaboteursdelune.fr\/index.php\/2019\/12\/03\/campagne-septembre-2019\/#article","isPartOf":{"@id":"https:\/\/lescaboteursdelune.fr\/index.php\/2019\/12\/03\/campagne-septembre-2019\/"},"author":{"name":"Alex Etourneau","@id":"https:\/\/lescaboteursdelune.fr\/#\/schema\/person\/a27c6010dfb868f06abfb62d43ae0258"},"headline":"Campagne Septembre 2019 &#8211; Gallant","datePublished":"2019-12-03T16:04:22+00:00","dateModified":"2019-12-03T16:33:46+00:00","mainEntityOfPage":{"@id":"https:\/\/lescaboteursdelune.fr\/index.php\/2019\/12\/03\/campagne-septembre-2019\/"},"wordCount":657,"publisher":{"@id":"https:\/\/lescaboteursdelune.fr\/#organization"},"keywords":["caboteurs","fret \u00e0 la voile","Noirmoutier"],"articleSection":["Campagnes pass\u00e9es","Ev\u00e8nements"],"inLanguage":"fr-FR"},{"@type":"WebPage","@id":"https:\/\/lescaboteursdelune.fr\/index.php\/2019\/12\/03\/campagne-septembre-2019\/","url":"https:\/\/lescaboteursdelune.fr\/index.php\/2019\/12\/03\/campagne-septembre-2019\/","name":"Campagne Septembre 2019 - Gallant - Les Caboteurs de Lune","isPartOf":{"@id":"https:\/\/lescaboteursdelune.fr\/#website"},"datePublished":"2019-12-03T16:04:22+00:00","dateModified":"2019-12-03T16:33:46+00:00","description":"Les Caboteurs de Lune association promotion Fret \u00e0 la Voile Noirmoutier Vend\u00e9e","breadcrumb":{"@id":"https:\/\/lescaboteursdelune.fr\/index.php\/2019\/12\/03\/campagne-septembre-2019\/#breadcrumb"},"inLanguage":"fr-FR","potentialAction":[{"@type":"ReadAction","target":["https:\/\/lescaboteursdelune.fr\/index.php\/2019\/12\/03\/campagne-septembre-2019\/"]}]},{"@type":"BreadcrumbList","@id":"https:\/\/lescaboteursdelune.fr\/index.php\/2019\/12\/03\/campagne-septembre-2019\/#breadcrumb","itemListElement":[{"@type":"ListItem","position":1,"name":"Accueil","item":"https:\/\/lescaboteursdelune.fr\/"},{"@type":"ListItem","position":2,"name":"Campagne Septembre 2019 &#8211; Gallant"}]},{"@type":"WebSite","@id":"https:\/\/lescaboteursdelune.fr\/#website","url":"https:\/\/lescaboteursdelune.fr\/","name":"Les Caboteurs de Lune","description":"Comptoir de fret \u00e0 la voile","publisher":{"@id":"https:\/\/lescaboteursdelune.fr\/#organization"},"potentialAction":[{"@type":"SearchAction","target":{"@type":"EntryPoint","urlTemplate":"https:\/\/lescaboteursdelune.fr\/?s={search_term_string}"},"query-input":"required name=search_term_string"}],"inLanguage":"fr-FR"},{"@type":"Organization","@id":"https:\/\/lescaboteursdelune.fr\/#organization","name":"Les Caboteurs de Lune","url":"https:\/\/lescaboteursdelune.fr\/","logo":{"@type":"ImageObject","inLanguage":"fr-FR","@id":"https:\/\/lescaboteursdelune.fr\/#\/schema\/logo\/image\/","url":"https:\/\/lescaboteursdelune.fr\/wp-content\/uploads\/2018\/07\/logo_caboteur.jpg","contentUrl":"https:\/\/lescaboteursdelune.fr\/wp-content\/uploads\/2018\/07\/logo_caboteur.jpg","width":960,"height":960,"caption":"Les Caboteurs de Lune"},"image":{"@id":"https:\/\/lescaboteursdelune.fr\/#\/schema\/logo\/image\/"}},{"@type":"Person","@id":"https:\/\/lescaboteursdelune.fr\/#\/schema\/person\/a27c6010dfb868f06abfb62d43ae0258","name":"Alex Etourneau","url":"https:\/\/lescaboteursdelune.fr\/index.php\/author\/alex\/"}]}},"_links":{"self":[{"href":"https:\/\/lescaboteursdelune.fr\/index.php\/wp-json\/wp\/v2\/posts\/699","targetHints":{"allow":["GET"]}}],"collection":[{"href":"https:\/\/lescaboteursdelune.fr\/index.php\/wp-json\/wp\/v2\/posts"}],"about":[{"href":"https:\/\/lescaboteursdelune.fr\/index.php\/wp-json\/wp\/v2\/types\/post"}],"author":[{"embeddable":true,"href":"https:\/\/lescaboteursdelune.fr\/index.php\/wp-json\/wp\/v2\/users\/2"}],"replies":[{"embeddable":true,"href":"https:\/\/lescaboteursdelune.fr\/index.php\/wp-json\/wp\/v2\/comments?post=699"}],"version-history":[{"count":4,"href":"https:\/\/lescaboteursdelune.fr\/index.php\/wp-json\/wp\/v2\/posts\/699\/revisions"}],"predecessor-version":[{"id":817,"href":"https:\/\/lescaboteursdelune.fr\/index.php\/wp-json\/wp\/v2\/posts\/699\/revisions\/817"}],"wp:attachment":[{"href":"https:\/\/lescaboteursdelune.fr\/index.php\/wp-json\/wp\/v2\/media?parent=699"}],"wp:term":[{"taxonomy":"category","embeddable":true,"href":"https:\/\/lescaboteursdelune.fr\/index.php\/wp-json\/wp\/v2\/categories?post=699"},{"taxonomy":"post_tag","embeddable":true,"href":"https:\/\/lescaboteursdelune.fr\/index.php\/wp-json\/wp\/v2\/tags?post=699"}],"curies":[{"name":"wp","href":"https:\/\/api.w.org\/{rel}","templated":true}]}}